{"id":12007,"date":"2018-06-03T23:30:57","date_gmt":"2018-06-03T21:30:57","guid":{"rendered":"http:\/\/www.salviamoilpaesaggio.it\/blog\/?p=12007"},"modified":"2018-06-03T23:34:32","modified_gmt":"2018-06-03T21:34:32","slug":"la-costruzione-del-futuro-passa-per-di-la","status":"publish","type":"post","link":"https:\/\/www.salviamoilpaesaggio.it\/blog\/2018\/06\/la-costruzione-del-futuro-passa-per-di-la\/","title":{"rendered":"La costruzione del futuro passa per di l\u00e0"},"content":{"rendered":"<p><em><img loading=\"lazy\" decoding=\"async\" class=\"alignleft size-full wp-image-12008\" src=\"http:\/\/www.salviamoilpaesaggio.it\/blog\/wp-content\/uploads\/2018\/06\/Saroldi1.png\" alt=\"\" width=\"565\" height=\"424\" srcset=\"https:\/\/www.salviamoilpaesaggio.it\/blog\/wp-content\/uploads\/2018\/06\/Saroldi1.png 565w, https:\/\/www.salviamoilpaesaggio.it\/blog\/wp-content\/uploads\/2018\/06\/Saroldi1-300x225.png 300w\" sizes=\"auto, (max-width: 565px) 100vw, 565px\" \/>di Andrea Saroldi.<\/em><\/p>\n<p><strong>Ad Avigliana, in Val di Susa, dal 29 giugno al 1 luglio 2018 si tiene la Festa dell\u2019Altra Velocit\u00e0; sar\u00e0 un punto di incontro, scambio e ripartenza tra molti percorsi che costruiscono un futuro per tutti.<\/strong><\/p>\n<p>I camminatori della <strong>Compagnia dei Cammini<\/strong> arriveranno a piedi, dopo tre giorni di camminata scendendo lungo la valle, incontrando qualche pezzo di storia e di natura (<a href=\"http:\/\/www.cammini.eu\/viaggi\/camminata-evento-in-cammino-ad-altra-velocita\"><span style=\"color: #ff0000;\"><strong>qui il programma della camminata<\/strong><\/span><\/a>). Gli studenti e gli studiati della <strong>scuola estiva<\/strong> \u201c<em>Fare Comunit\u00e0 Oggi: Autonomia e Autogoverno<\/em>\u201d, organizzata da <strong>Rete di Reti<\/strong> insieme ad un gruppetto di giovani della valle, scenderanno da Venaus dopo cinque giorni di confronto su cosa significhino oggi autonomia e costruire comunit\u00e0\u00a0(<a href=\"http:\/\/scuoladellereti.altervista.org\/\"><span style=\"color: #ff0000;\"><strong>qui il programma della scuola<\/strong><\/span><\/a>). <strong>Dalla Francia<\/strong> arriveranno i gruppi di consumo dei cortocircuiti, organizzati nella rete \u201c<em>Usine \u00e0 Gas<\/em>\u201d; una quarantina di gruppi sparsi per la Francia che si sono ispirati ai <strong>Gruppi di acquisto solidali (Gas)<\/strong> italiani per importare direttamente prodotti non disponibili localmente. A partire dagli agrumi del consorzio siciliano delle <strong>Galline Felici<\/strong>, hanno creato gruppi di cittadini che si occupano della distribuzione, estendendo la logistica ad altri prodotti italiani oltre che ai produttori locali. Queste associazioni francesi, attive in diverse citt\u00e0, hanno gi\u00e0 organizzato nel 2016 a Veynes e nel 2017 a Varces, in Francia, feste di incontro con i loro amici siciliani e gli altri produttori italiani; per il 2018 hanno deciso di essere loro ad attraversare le Alpi e scendere in Val di Susa per incontrare vecchi e nuovi amici.<\/p>\n<p>Oltre a loro, dall\u2019estero sono attesi gli sviluppatori e attivisti di tecnologie e supporti informatici per l\u2019economia solidale: <strong>Cagette, Katuma, Open Food Network, Open Food France.<\/strong> Dall\u2019Italia arriveranno anche gli esponenti di diversi gruppi e organizzazioni attive nei campi del consumo consapevole organizzato (Gas), della Piccola Distribuzione Organizzata (Pdo), produttori, educatori, comunicatori, giornalisti, associazioni e reti che operano per il bene di tutti (economia solidale, contadine, accoglienza migranti, etc.).<\/p>\n<p>Ad accoglierli ci saranno le organizzazioni del territorio: il <strong>co-working Worcup!, l\u2019associazione di imprenditori Etinomia, la rete dei Gas della zona Torino-Ovest e bassa Val Susa RES.TO insieme ad altri Gas della Valle<\/strong>, che forti dei diversi incontri preparati negli anni precedenti, in questi giorni si stanno districando tra le mille questioni organizzative.<\/p>\n<h3><span style=\"color: #008000;\"><strong>Ma perch\u00e9 questa concentrazione di portatori di esperienze di cambiamento? A cosa serve? Il tema che sta sotto ai diversi incontri, sia quelli inseriti nel programma che quelli che nasceranno occasionalmente, \u00e8 la costruzione del futuro.<\/strong><\/span><\/h3>\n<p><img loading=\"lazy\" decoding=\"async\" class=\"alignleft size-full wp-image-12009\" src=\"http:\/\/www.salviamoilpaesaggio.it\/blog\/wp-content\/uploads\/2018\/06\/Saroldi2.png\" alt=\"\" width=\"405\" height=\"304\" srcset=\"https:\/\/www.salviamoilpaesaggio.it\/blog\/wp-content\/uploads\/2018\/06\/Saroldi2.png 405w, https:\/\/www.salviamoilpaesaggio.it\/blog\/wp-content\/uploads\/2018\/06\/Saroldi2-300x225.png 300w\" sizes=\"auto, (max-width: 405px) 100vw, 405px\" \/>Confrontare e mescolare esperienze di co-produzione, Gas, cibo, PDO e supermercati autogestiti, strumenti informatici, comunicazione, accoglienza migranti, fiducia, camminate e laboratori, \u00e8 un modo per costruire un futuro che ci piace, <strong>perch\u00e9 la storia procede attraverso questo tipo di intrecci e di percorsi sghembi: uno sguardo, una parola, un\u2019idea, un progetto.<\/strong><\/p>\n<p><strong>Euclides Mance<\/strong> (vedi il suo ultimo libro &#8220;<em>Circuiti economici solidali<\/em>&#8220;) ci invita ad alimentare l\u2019affermazione di una <strong>economia solidale di liberazione attraverso la orientazione dei flussi, ed in particolare dei flussi materiali, dei flussi di potere e dei flussi di conoscenza<\/strong>. Modificare i sistemi di acquisto e distribuzione, ad esempio, significa orientare i flussi materiali; contrastare le asimmetrie economiche ed informative significa orientare i flussi di potere e di conoscenza; tutto questo ci serve per consolidare le basi che consentono lo sviluppo di una economia e una societ\u00e0 orientate al bene di tutti.<\/p>\n<p><strong>Ma qual \u00e8 il soggetto che pu\u00f2 dirigere questi flussi? Che prende in mano i rubinetti ed i miscelatori per regolarli secondo il bene di tutti?<\/strong> Questa \u00e8 forse la sfida pi\u00f9 profonda che stiamo affrontando: la costruzione di questo soggetto collettivo. Se la strada \u00e8 impervia, e alle volte l\u2019ossigeno scarseggia, \u00e8 a causa dell\u2019altezza della meta; ma se vi pare irraggiungibile, provate a pensare se c\u2019\u00e8 un altro che possa affrontare la salita al posto nostro. Una cosa abbiamo capito, che questo soggetto deve corrispondere a quello che stiamo chiamando Noi tutti, ovvero un noi che non possa essere utilizzato come opposto ad un loro, ma che in ogni territorio sia aperto a tutti i suoi abitanti.<\/p>\n<p>Di conseguenza, il programma della festa \u00e8 stato costruito mettendo insieme le proposte portate dalle organizzazioni che la promuovono, e organizzato secondo tre filoni: il <strong>benvivere<\/strong> (dove vogliamo andare), le <strong>alleanze<\/strong> (insieme a chi), <strong>i metodi e gli strumenti<\/strong> (come); a fianco a questi tavoli di confronto sui diversi argomenti si terranno laboratori ed attivit\u00e0 per ragazzi, spettacoli e intrattenimento, proiezioni e tempo libero.<\/p>\n<p>I tavoli sono stati preparati dalle organizzazioni interessate, e saranno solo una stazione lungo un viaggio che \u00e8 gi\u00e0 iniziato prima e continuer\u00e0 dopo. Per questi motivi sar\u00e0 una festa: <strong>una tappa di un sentiero che non inizia e non finisce ad Avigliana<\/strong>, costruito insieme oltre le differenze di opinioni; infatti, se ci guardiamo indietro, possiamo notare quanta strada abbiamo gi\u00e0 percorso.<\/p>\n<p><strong>Quelle che si incontrano sono pratiche ed esperienze che gi\u00e0 adesso, ognuna nel proprio campo, sperimentano la costruzione del futuro<\/strong>. Le idee chiave che ci servono per orientare la traversata, parole come <strong>resilienza, speranza, benvivere, accoglienza, condivisione, fiducia e solidariet\u00e0<\/strong>, pur nelle difficolt\u00e0, sono gi\u00e0 nei nostri bagagli; il futuro \u00e8 in costruzione.<\/p>\n<p>Trovate le informazioni sulla festa e il programma su questo sito (in costruzione): <a href=\"http:\/\/www.altravelocita.info\"><span style=\"color: #ff0000;\"><strong>http:\/\/www.altravelocita.info<\/strong><\/span><\/a>, a questo link <a href=\"https:\/\/socialbusinessworld.org\/events\/event\/view\/940654\/altra-velocita-autre-vitesse\"><span style=\"color: #ff0000;\"><strong>[qui]<\/strong> <\/span><\/a>su SBW la descrizione dell\u2019evento e un po\u2019 di informazioni logistiche, l\u00ec \u00e8 possibile registrarsi per segnalare la partecipazione.<\/p>\n<p><em>Tratto da: <\/em><a href=\"https:\/\/comune-info.net\/2018\/05\/la-costruzione-del-futuro-passa-per-di-la\/\"><em>https:\/\/comune-info.net\/2018\/05\/la-costruzione-del-futuro-passa-per-di-la\/<\/em><\/a><\/p>\n<p>&nbsp;<\/p>\n","protected":false},"excerpt":{"rendered":"<p>di Andrea Saroldi. Ad Avigliana, in Val di Susa, dal 29 giugno al 1 luglio 2018 si tiene la Festa dell\u2019Altra Velocit\u00e0; sar\u00e0 un punto [&#8230;]<\/p>\n","protected":false},"author":2,"featured_media":12008,"comment_status":"open","ping_status":"open","sticky":false,"template":"","format":"standard","meta":{"footnotes":""},"categories":[41],"tags":[2039,2040],"class_list":["post-12007","post","type-post","status-publish","format-standard","has-post-thumbnail","hentry","category-opinioni","tag-altra-velocita","tag-gruppi-di-acquisto-solidali"],"_links":{"self":[{"href":"https:\/\/www.salviamoilpaesaggio.it\/blog\/wp-json\/wp\/v2\/posts\/12007","targetHints":{"allow":["GET"]}}],"collection":[{"href":"https:\/\/www.salviamoilpaesaggio.it\/blog\/wp-json\/wp\/v2\/posts"}],"about":[{"href":"https:\/\/www.salviamoilpaesaggio.it\/blog\/wp-json\/wp\/v2\/types\/post"}],"author":[{"embeddable":true,"href":"https:\/\/www.salviamoilpaesaggio.it\/blog\/wp-json\/wp\/v2\/users\/2"}],"replies":[{"embeddable":true,"href":"https:\/\/www.salviamoilpaesaggio.it\/blog\/wp-json\/wp\/v2\/comments?post=12007"}],"version-history":[{"count":0,"href":"https:\/\/www.salviamoilpaesaggio.it\/blog\/wp-json\/wp\/v2\/posts\/12007\/revisions"}],"wp:featuredmedia":[{"embeddable":true,"href":"https:\/\/www.salviamoilpaesaggio.it\/blog\/wp-json\/wp\/v2\/media\/12008"}],"wp:attachment":[{"href":"https:\/\/www.salviamoilpaesaggio.it\/blog\/wp-json\/wp\/v2\/media?parent=12007"}],"wp:term":[{"taxonomy":"category","embeddable":true,"href":"https:\/\/www.salviamoilpaesaggio.it\/blog\/wp-json\/wp\/v2\/categories?post=12007"},{"taxonomy":"post_tag","embeddable":true,"href":"https:\/\/www.salviamoilpaesaggio.it\/blog\/wp-json\/wp\/v2\/tags?post=12007"}],"curies":[{"name":"wp","href":"https:\/\/api.w.org\/{rel}","templated":true}]}}