{"id":12346,"date":"2018-11-03T10:10:20","date_gmt":"2018-11-03T09:10:20","guid":{"rendered":"http:\/\/www.salviamoilpaesaggio.it\/blog\/?p=12346"},"modified":"2018-11-03T10:10:20","modified_gmt":"2018-11-03T09:10:20","slug":"liberi-dai-fanghi-no-allo-smaltimento-nei-campi-neanche-in-emergenza","status":"publish","type":"post","link":"https:\/\/www.salviamoilpaesaggio.it\/blog\/2018\/11\/liberi-dai-fanghi-no-allo-smaltimento-nei-campi-neanche-in-emergenza\/","title":{"rendered":"Liberi dai Fanghi: no allo smaltimento nei campi, neanche in emergenza"},"content":{"rendered":"<p><em><img loading=\"lazy\" decoding=\"async\" class=\"alignleft size-full wp-image-12347\" src=\"http:\/\/www.salviamoilpaesaggio.it\/blog\/wp-content\/uploads\/2018\/11\/Liberi-dai-fanghi.png\" alt=\"\" width=\"426\" height=\"431\" srcset=\"https:\/\/www.salviamoilpaesaggio.it\/blog\/wp-content\/uploads\/2018\/11\/Liberi-dai-fanghi.png 426w, https:\/\/www.salviamoilpaesaggio.it\/blog\/wp-content\/uploads\/2018\/11\/Liberi-dai-fanghi-297x300.png 297w, https:\/\/www.salviamoilpaesaggio.it\/blog\/wp-content\/uploads\/2018\/11\/Liberi-dai-fanghi-50x50.png 50w\" sizes=\"auto, (max-width: 426px) 100vw, 426px\" \/>A cura delle associazioni impegnate nella campagna \u201cLiberi dai Fanghi\u201d.<\/em><\/p>\n<p>Da un mese il tema della gestione dei fanghi da depurazione anima il dibattito sulla tutela dell\u2019ambiente e della salute, dopo che<strong> l\u2019art. 41 del decreto sulle Disposizioni urgenti per la citt\u00e0 di Genova e altre emergenze, ha introdotto un limite alla presenza di idrocarburi nei fanghi<\/strong> medesimi, che supera di 20 volte il limite fissato in precedenza da una sentenza della Corte di Cassazione.<\/p>\n<p>Come associazioni impegnate nella campagna \u201c<em>Liberi dai Fanghi<\/em>\u201d, vogliamo sottolineare alcuni aspetti che non hanno ricevuto la necessaria attenzione nel dibattito.<br \/>\n<strong>Il Decreto Genova si \u00e8 occupato del solo limite relativo agli idrocarburi \u201cpesanti\u201d<\/strong>, individuati dalla sigla C10-C40, ma lo ha fatto specificando che il limite si applica al fango tal quale, cio\u00e8 al fango appena uscito dal depuratore.<br \/>\n<strong>Per tutte le altre sostanze per\u00f2 per cui la legge prevede dei limiti, questi si applicano alla sostanza secca, che \u00e8 quella che viene sparsa nei campi<\/strong>, e non al \u201ctal quale\u201d che \u00e8 il fango prima di essere trattato. Un bel rompicapo, specialmente per chi deve fare i controlli.<\/p>\n<p>Il criterio applicato poi, che individua la <strong>cancerogenicit\u00e0 degli idrocarburi<\/strong> in base a parametri di concentrazione e non sulla base della tipologia (ci sono idrocarburi di origine naturale ma <strong>nei fanghi si ritrovano anche quelli di origine industriale<\/strong>), \u00e8 contestato da <strong>molti medici e scienziati che ritengono che l\u2019unico limite accettabile per le sostanze cancerogene sia ZERO.<\/strong><\/p>\n<p>Nulla ha poi cambiato il Decreto Genova n\u00e9 sui<strong> controlli, che sono spesso scarsi e poco efficaci<\/strong> per mancanza di risorse e personale delle strutture pubbliche che li dovrebbero fare; n\u00e9 sulla procedure di autorizzazione allo spandimento, che in tutta Italia si basano sull\u2019<strong>autocertificazione<\/strong> da parte dei trasportatori, della qualit\u00e0 del materiale da spargere nei campi.<br \/>\nIl tutto, in una situazione di tecnologie vecchie di decenni, e<strong> con impianti fognari che mischiano reflui civili e industriali, facendo s\u00ec che nei fanghi di depurazione si possa trovare di tutto.<\/strong><\/p>\n<p>Quindi i fanghi di depurazione civile,<strong> pur contenendo materia organica utile, allo stato attuale sono spesso contaminati da varie sostanze inquinanti e pericolose<\/strong>, e la cosa pi\u00f9 dannosa che si pu\u00f2 fare \u00e8 usarli per coltivare le piante che producono il nostro cibo. Infatti alcuni paesi europei hanno vietato questo uso.<\/p>\n<p>Ma mentre la polemica sugli idrocarburi proseguiva, nella conversione in legge del decreto \u201cGenova\u201d \u00e8 stato <strong>approvato alla Camera un emendamento presentato da Lega e M5S che consentir\u00e0 di spandere nei campi anche fanghi contenenti diossine, PCB, cromo, arsenico, tutte sostanze cancerogene certe per l\u2019uomo<\/strong>. Si tratta di sostanze che provengono da processi industriali e quindi non dovrebbero stare nei fanghi di depurazione civile, tantomeno essere depositate nei campi. <strong>Alcuni dei limiti proposti sono cos\u00ec alti, che se si trattasse di fanghi industriali si potrebbero smaltire solo in discariche per rifiuti industriali<\/strong>, dopo adeguato abbattimento degli inquinanti, mentre nell\u2019emendamento si consente di spanderli nei campi dove si produce cibo!<\/p>\n<h3><span style=\"color: #008000;\"><strong>Ci auguriamo che questa pazzia non sia confermata al Senato, altrimenti i danni per la salute di tutti saranno irreparabili.<\/strong><\/span><\/h3>\n<p>Lo smaltimento dei fanghi in agricoltura, a nostro parere, potr\u00e0 essere fatto solo in totale sicurezza per l&#8217;ambiente e per la salute dei consumatori. Se nei fanghi rimangono sostanze nocive e persistenti che con la tecnologia attuale non si riesce a separare e recuperare, occorre che a livello nazionale e europeo si realizzi un programma di ricerca e di investimenti <strong>per ottenere una reale depurazione, e non una circolarit\u00e0 che spesso si traduce nello spargimento di sostanze nocive per ogni dove,<\/strong> come la vicenda dei fanghi dimostra.<\/p>\n<p>Intanto, in attesa che il Parlamento modifichi il contenuto del decreto, i fanghi dovranno continuare ad essere inertizzati e smaltiti in discarica, perch\u00e9 s<strong>e un prodotto della nostra civilt\u00e0 \u00e8 dannoso, non si pu\u00f2 far finta di nulla oppure nascondersi dietro gli alti costi di smaltimento.<\/strong><\/p>\n<h3><span style=\"color: #008000;\"><strong><em>La campagna \u00abLiberi dai fanghi\u00bb \u00e8 promossa da:<\/em><\/strong><\/span><\/h3>\n<p><em>Associazione \u201cChiodo fisso &#8211; dare voce a chi non ha voce\u201d<\/em><br \/>\n<em>Associazione \u201cEliantus \u2013 volontari per l\u2019ambiente\u201d<\/em><br \/>\n<em>Associazione \u201cOrizzonte comune\u201d<\/em><br \/>\n<em>Coordinamento Gestione Corretta Rifiuti Valdera<\/em><br \/>\n<em>Legambiente Valdera<\/em><br \/>\n<em>Libera \u2013 Associazioni, nomi e numeri contro le mafie, coordinamento provinciale di Pisa<\/em><br \/>\n<em>Medicina Democratica<\/em><br \/>\n<em>Slow Food Valdera<\/em><br \/>\n<em>TAT movimento tutela ambiente e territorio Montefoscoli<\/em><br \/>\n<em>WWF alta Toscana<\/em><\/p>\n<p>&nbsp;<\/p>\n","protected":false},"excerpt":{"rendered":"<p>A cura delle associazioni impegnate nella campagna \u201cLiberi dai Fanghi\u201d. Da un mese il tema della gestione dei fanghi da depurazione anima il dibattito sulla [&#8230;]<\/p>\n","protected":false},"author":2,"featured_media":12347,"comment_status":"open","ping_status":"open","sticky":false,"template":"","format":"standard","meta":{"footnotes":""},"categories":[103,260],"tags":[2145,2144,1333],"class_list":["post-12346","post","type-post","status-publish","format-standard","has-post-thumbnail","hentry","category-agricoltura","category-inquinamento","tag-decreto-genova","tag-fanghi","tag-idrocarburi"],"_links":{"self":[{"href":"https:\/\/www.salviamoilpaesaggio.it\/blog\/wp-json\/wp\/v2\/posts\/12346","targetHints":{"allow":["GET"]}}],"collection":[{"href":"https:\/\/www.salviamoilpaesaggio.it\/blog\/wp-json\/wp\/v2\/posts"}],"about":[{"href":"https:\/\/www.salviamoilpaesaggio.it\/blog\/wp-json\/wp\/v2\/types\/post"}],"author":[{"embeddable":true,"href":"https:\/\/www.salviamoilpaesaggio.it\/blog\/wp-json\/wp\/v2\/users\/2"}],"replies":[{"embeddable":true,"href":"https:\/\/www.salviamoilpaesaggio.it\/blog\/wp-json\/wp\/v2\/comments?post=12346"}],"version-history":[{"count":0,"href":"https:\/\/www.salviamoilpaesaggio.it\/blog\/wp-json\/wp\/v2\/posts\/12346\/revisions"}],"wp:featuredmedia":[{"embeddable":true,"href":"https:\/\/www.salviamoilpaesaggio.it\/blog\/wp-json\/wp\/v2\/media\/12347"}],"wp:attachment":[{"href":"https:\/\/www.salviamoilpaesaggio.it\/blog\/wp-json\/wp\/v2\/media?parent=12346"}],"wp:term":[{"taxonomy":"category","embeddable":true,"href":"https:\/\/www.salviamoilpaesaggio.it\/blog\/wp-json\/wp\/v2\/categories?post=12346"},{"taxonomy":"post_tag","embeddable":true,"href":"https:\/\/www.salviamoilpaesaggio.it\/blog\/wp-json\/wp\/v2\/tags?post=12346"}],"curies":[{"name":"wp","href":"https:\/\/api.w.org\/{rel}","templated":true}]}}