{"id":13777,"date":"2020-04-27T23:28:17","date_gmt":"2020-04-27T21:28:17","guid":{"rendered":"http:\/\/www.salviamoilpaesaggio.it\/blog\/?p=13777"},"modified":"2020-05-19T00:09:27","modified_gmt":"2020-05-18T22:09:27","slug":"il-forum-salviamo-il-paesaggio-sollecita-la-commissione-europea-alla-salvaguardia-dellambiente-e-dei-suoli","status":"publish","type":"post","link":"https:\/\/www.salviamoilpaesaggio.it\/blog\/2020\/04\/il-forum-salviamo-il-paesaggio-sollecita-la-commissione-europea-alla-salvaguardia-dellambiente-e-dei-suoli\/","title":{"rendered":"Il Forum Salviamo il Paesaggio sollecita la Commissione Europea alla salvaguardia dell&#8217;ambiente e dei suoli"},"content":{"rendered":"\n<p><strong><em>Ecco il testo della lettera che il nostro Forum nazionale ha trasmesso a Ursula von der Leyen, Presidente della Commissione Europea, a Frans Timmermans, Vice Presidente Esecutivo \u2013 European Green Deal e a Virginijus Sinkevi\u010dius, Commissario Ambiente, Oceani e Pesca.<\/em><\/strong><\/p>\n\n\n\n<div class=\"wp-block-image\"><figure class=\"aligncenter\"><img loading=\"lazy\" decoding=\"async\" width=\"608\" height=\"396\" src=\"http:\/\/www.salviamoilpaesaggio.it\/blog\/wp-content\/uploads\/2019\/09\/suolorischio.jpg\" alt=\"\" class=\"wp-image-13163\" srcset=\"https:\/\/www.salviamoilpaesaggio.it\/blog\/wp-content\/uploads\/2019\/09\/suolorischio.jpg 608w, https:\/\/www.salviamoilpaesaggio.it\/blog\/wp-content\/uploads\/2019\/09\/suolorischio-300x195.jpg 300w\" sizes=\"auto, (max-width: 608px) 100vw, 608px\" \/><\/figure><\/div>\n\n\n\n<p>Egregia Signora, Egregi Signori,<br>Ci riferiamo al <strong>significativo discorso che la Presidente della Commissione Europea<\/strong> ha tenuto lo scorso 16 aprile al Parlamento Europeo, i cui toni hanno destato un esteso coinvolgimento.<br>Ora \u00e8 con rinnovata attenzione che i cittadini europei attendono di trovare la conferma alla volont\u00e0 e capacit\u00e0 di visione degli Stati membri dell\u2019Unione Europa verso una \u201c<em>ripartenza<\/em>\u201d basata sull&#8217;abbandono delle strade rovinosamente percorse nel passato.<\/p>\n\n\n\n<p><strong>Perch\u00e9 le parole della Presidente abbiano un seguito nei fatti<\/strong>, si dovranno stabilire obiettivi e parametri di priorit\u00e0 tali che il peso maggiore dell\u2019attuale crisi sia sopportato da chi ne ha le potenzialit\u00e0 in modo da proteggere le fasce di popolazione pi\u00f9 demunite e a rischio.<br><strong>A questo sforzo di solidariet\u00e0 occorre affiancare l\u2019altra priorit\u00e0: la salvaguardia dell\u2019ambiente<\/strong>, il cui impoverimento \u00e8 da annoverare tra le concause della pandemia. Tale scopo si pone come elemento irrinunciabile e portante della diversa visione di recupero e crescita della nuova Unione Europea.<\/p>\n\n\n\n<p><strong>Questi due valori di riferimento dovranno guidare le politiche di tutti gli altri settori<\/strong>: sanit\u00e0, educazione, ricerca, commercio, agricoltura, industria, opere pubbliche.<br>Riprendendo il testo del Green Deal for Europe vogliamo attirare la vostra attenzione sull&#8217;assoluta necessit\u00e0 di portare il suolo tra gli elementi dell&#8217;Ecosistema da proteggere.<\/p>\n\n\n\n<p>Per evidenziare la gravit\u00e0 legata alla <strong>mancata conservazione dei suoli<\/strong>, basta ricordare che gi\u00e0 nel 2015 il <a href=\"https:\/\/www.cbd.int\/health\/SOK-biodiversity-en.pdf\">rapporto della Nazioni Unite sulla Biodiversit\u00e0 indicava nel suolo la provenienza del 40% delle infezioni virali<\/a> (pag. 134).<\/p>\n\n\n\n<p><strong>Il Suolo non \u00e8 ancora tutelato da una specifica direttiva europea<\/strong> ed \u00e8 sempre pi\u00f9 a rischio di degrado e di perdita. I dati pi\u00f9 che catastrofici sulla perdita di suolo, nelle sue varie forme, sono riportati nei rapporti ufficiali dell&#8217;Agenzia Europea dell&#8217;Ambiente <br> <a href=\"https:\/\/www.eea.europa.eu\/data-and-maps\/dashboards\/land-take-statistics\">https:\/\/www.eea.europa.eu\/data-and-maps\/dashboards\/land-take-statistics<\/a><br> <a href=\"https:\/\/www.eea.europa.eu\/it\/highlights\/lo-stato-dell-ambiente-in-europa\">https:\/\/www.eea.europa.eu\/it\/highlights\/lo-stato-dell-ambiente-in-europa<\/a><\/p>\n\n\n\n<p>Le Nazioni Unite hanno sottolineato la <strong>necessit\u00e0 di arrivare entro il 2030 ad un \u201c<\/strong><em><strong>mondo neutrale al degrado del suolo<\/strong><\/em><strong>&#8220;<\/strong> (Obiettivo Sviluppo Sostenibile n. 15). Ma l\u2019accelerazione nel degrado \u00e8 tale che a quella data &#8211; per noi relativamente vicina &#8211; la soglia del possibile recupero sarebbe gi\u00e0 oltrepassata.<br>Ecco perch\u00e9 segnaliamo l\u2019importanza dell\u2019inserimento in tutti i documenti in discussione nelle Istituzioni Comunitarie dell\u2019<strong>obbligo immediato di arresto di consumo di suolo fertile<\/strong>, con la certezza che un simile indirizzo <strong>non comporterebbe in alcun modo il fermo del comparto dell\u2019edilizia<\/strong>. Al contrario, questa prospettiva \u00e8 l\u2019unica a coniugare la salvaguardia di ulteriore consumo di suolo con la vastissima attivit\u00e0 settoriale indispensabile a recuperare, migliorare energeticamente, mettere in sicurezza l\u2019immenso patrimonio edilizio obsoleto esistente, a proseguire con le opere di ammodernamento e ristrutturazione di edifici e abitazioni in citt\u00e0 e borghi rurali cos\u00ec da favorire l\u2019adeguamento tecnologico.<\/p>\n\n\n\n<p>Nel ringraziarvi per l\u2019attenzione prestata al nostro contributo, restiamo in attesa di un vostro cortese riscontro.<\/p>\n\n\n\n<p><em>Cordiali saluti, Francesca Tescari e Mario Catizzone (Membri del Gruppo di lavoro Suolo Europa del Forum) a nome del Forum Salviamo il Paesaggio <\/em><\/p>\n\n\n\n<p><\/p>\n","protected":false},"excerpt":{"rendered":"<p>Ecco il testo della lettera che il nostro Forum nazionale ha trasmesso a Ursula von der Leyen, Presidente della Commissione Europea, a Frans Timmermans, Vice [&#8230;]<\/p>\n","protected":false},"author":2,"featured_media":13163,"comment_status":"open","ping_status":"open","sticky":false,"template":"","format":"standard","meta":{"footnotes":""},"categories":[103,126,1449],"tags":[1175,2921,2920,2922],"class_list":["post-13777","post","type-post","status-publish","format-standard","has-post-thumbnail","hentry","category-agricoltura","category-consumo-di-suolo-tematiche","category-ue-suolo-territorio-paesaggio","tag-commissione-europea","tag-frans-timmermans","tag-ursula-von-der-leyen","tag-virginijus-sinkevicius"],"_links":{"self":[{"href":"https:\/\/www.salviamoilpaesaggio.it\/blog\/wp-json\/wp\/v2\/posts\/13777","targetHints":{"allow":["GET"]}}],"collection":[{"href":"https:\/\/www.salviamoilpaesaggio.it\/blog\/wp-json\/wp\/v2\/posts"}],"about":[{"href":"https:\/\/www.salviamoilpaesaggio.it\/blog\/wp-json\/wp\/v2\/types\/post"}],"author":[{"embeddable":true,"href":"https:\/\/www.salviamoilpaesaggio.it\/blog\/wp-json\/wp\/v2\/users\/2"}],"replies":[{"embeddable":true,"href":"https:\/\/www.salviamoilpaesaggio.it\/blog\/wp-json\/wp\/v2\/comments?post=13777"}],"version-history":[{"count":0,"href":"https:\/\/www.salviamoilpaesaggio.it\/blog\/wp-json\/wp\/v2\/posts\/13777\/revisions"}],"wp:featuredmedia":[{"embeddable":true,"href":"https:\/\/www.salviamoilpaesaggio.it\/blog\/wp-json\/wp\/v2\/media\/13163"}],"wp:attachment":[{"href":"https:\/\/www.salviamoilpaesaggio.it\/blog\/wp-json\/wp\/v2\/media?parent=13777"}],"wp:term":[{"taxonomy":"category","embeddable":true,"href":"https:\/\/www.salviamoilpaesaggio.it\/blog\/wp-json\/wp\/v2\/categories?post=13777"},{"taxonomy":"post_tag","embeddable":true,"href":"https:\/\/www.salviamoilpaesaggio.it\/blog\/wp-json\/wp\/v2\/tags?post=13777"}],"curies":[{"name":"wp","href":"https:\/\/api.w.org\/{rel}","templated":true}]}}