{"id":14726,"date":"2021-09-25T22:14:51","date_gmt":"2021-09-25T20:14:51","guid":{"rendered":"http:\/\/www.salviamoilpaesaggio.it\/blog\/?p=14726"},"modified":"2021-09-25T22:17:40","modified_gmt":"2021-09-25T20:17:40","slug":"presentazione-del-libro-bianco-del-verde-per-un-neo-rinascimento-della-cura-e-della-gestione-delle-aree-naturali-urbane","status":"publish","type":"post","link":"https:\/\/www.salviamoilpaesaggio.it\/blog\/2021\/09\/presentazione-del-libro-bianco-del-verde-per-un-neo-rinascimento-della-cura-e-della-gestione-delle-aree-naturali-urbane\/","title":{"rendered":"Presentazione del Libro Bianco del Verde: per un Neo-Rinascimento della Cura e della Gestione delle aree naturali urbane"},"content":{"rendered":"\n<p><strong><em>Il 12 ottobre (ore 10,00\/18,00), a Roma nella bella sede del Palazzo della Valle e in simultanea in modalit\u00e0 streaming, Confagricoltura e Assoverde presentano il \u201cLibro Bianco del Verde\u201d, nella sua prima edizione 2021.<\/em><\/strong><\/p>\n\n\n\n<p>Sono oltre 50 i contributi tecnico-scientifici firmati da professori universitari, professionisti, tecnici e gestori delle amministrazioni che, a diverso titolo e con differenti approcci, affrontano il tema del verde e del ruolo strategico che viali alberati, parchi e giardini, pubblici e privati, possono svolgere a livello urbano, a salvaguardia dell\u2019ambiente, della qualit\u00e0 e della salubrit\u00e0 delle nostre citt\u00e0.<\/p>\n\n\n\n<p>Un patrimonio di proposte e di idee che si pongono come sfida al cambiamento, in nome della Salute, dove il principio della \u2018Cura\u2019 (del suolo, dell\u2019ambiente, degli animali e delle persone) deve indirizzare nuovi modelli di pianificazione, progettazione, gestione, cura e manutenzione, con un nuovo approccio, prima di tutto culturale, che mette al centro<strong> il \u2018valore\u2019 degli alberi e degli spazi verdi<\/strong>, la \u2018qualit\u00e0\u2019 dei progetti e degli interventi, le \u2018competenze\u2019 e le \u2018professionalit\u00e0\u2019 degli operatori.<\/p>\n\n\n\n<p>All\u2019interno di una elegante composizione editoriale, a rappresentare il \u2018valore\u2019 dei temi trattati, il Libro Bianco del Verde, \u00e8 articolato in 3 volumi: il primo \u201c<em><strong>per un Neo-Rinascimento della cura e della gestione del verde<\/strong><\/em>\u201d sui temi del verde in ambito urbano; il secondo sul tema specialistico della \u201c<strong><em>emergenza pini in Italia<\/em><\/strong>\u201d; il terzo, il \u201c<em><strong>Quaderno Tecnico<\/strong><\/em>\u201d, raccoglie e presenta nelle loro specificit\u00e0 le aziende e i professionisti che hanno voluto aderire e sostenere l\u2019iniziativa.<\/p>\n\n\n\n<p>I lavori preparatori sono stati avviati un anno e mezzo fa, con le prime call ai Tavoli tecnici, poi seminari con gli addetti ai lavori, riunioni del Comitato tecnico-scientifico, raccordi con amministrazioni, universit\u00e0, ordini professionali, aziende e professionisti, oltre un imponente lavoro di redazione ed editoriale che hanno portato a questa prima edizione.<\/p>\n\n\n\n<p>Il Convegno del 12 ottobre &#8211; nel corso del quale, in presenza di tutti gli autori, il Libro Bianco del Verde sar\u00e0 presentato agli interlocutori istituzionali, principali destinatari delle proposte tecniche, normative, regolamentari \u2013 rappresenta l\u2019avvio di un percorso \u2013 un <strong>Tavolo permanente<\/strong> &#8211; scandito annualmente da iniziative ed appuntamenti a scala nazionale e regionale, finalizzati a contestualizzare, indirizzare e dettagliare i temi e le proposte specifiche, e a metterle concretamente in attuazione.<\/p>\n\n\n\n<p>Sar\u00e0 possibile seguire il Convegno online iscrivendosi al link: <a href=\"https:\/\/bit.ly\/3nB6A2k\">https:\/\/bit.ly\/3nB6A2k<\/a> (con rilascio di CFP per Dottori Agronomi e Forestali, Periti Agrari e Periti Agrari Laureati, Agrotecnici e Agrotecnici Laureati, Architetti).<\/p>\n\n\n\n<div class=\"wp-block-image\"><figure class=\"aligncenter size-large\"><img loading=\"lazy\" decoding=\"async\" width=\"504\" height=\"504\" src=\"http:\/\/www.salviamoilpaesaggio.it\/blog\/wp-content\/uploads\/2021\/09\/Libro-bianco-del-verde.png\" alt=\"\" class=\"wp-image-14728\" srcset=\"https:\/\/www.salviamoilpaesaggio.it\/blog\/wp-content\/uploads\/2021\/09\/Libro-bianco-del-verde.png 504w, https:\/\/www.salviamoilpaesaggio.it\/blog\/wp-content\/uploads\/2021\/09\/Libro-bianco-del-verde-300x300.png 300w, https:\/\/www.salviamoilpaesaggio.it\/blog\/wp-content\/uploads\/2021\/09\/Libro-bianco-del-verde-290x290.png 290w, https:\/\/www.salviamoilpaesaggio.it\/blog\/wp-content\/uploads\/2021\/09\/Libro-bianco-del-verde-50x50.png 50w\" sizes=\"auto, (max-width: 504px) 100vw, 504px\" \/><\/figure><\/div>\n","protected":false},"excerpt":{"rendered":"<p>Il 12 ottobre (ore 10,00\/18,00), a Roma nella bella sede del Palazzo della Valle e in simultanea in modalit\u00e0 streaming, Confagricoltura e Assoverde presentano il [&#8230;]<\/p>\n","protected":false},"author":2,"featured_media":14727,"comment_status":"open","ping_status":"open","sticky":false,"template":"","format":"standard","meta":{"footnotes":""},"categories":[1374,114],"tags":[3435,302],"class_list":["post-14726","post","type-post","status-publish","format-standard","has-post-thumbnail","hentry","category-citta-e-verde-urbano","category-pubblicazioni","tag-libro-bianco-del-verde","tag-verde-urbano"],"_links":{"self":[{"href":"https:\/\/www.salviamoilpaesaggio.it\/blog\/wp-json\/wp\/v2\/posts\/14726","targetHints":{"allow":["GET"]}}],"collection":[{"href":"https:\/\/www.salviamoilpaesaggio.it\/blog\/wp-json\/wp\/v2\/posts"}],"about":[{"href":"https:\/\/www.salviamoilpaesaggio.it\/blog\/wp-json\/wp\/v2\/types\/post"}],"author":[{"embeddable":true,"href":"https:\/\/www.salviamoilpaesaggio.it\/blog\/wp-json\/wp\/v2\/users\/2"}],"replies":[{"embeddable":true,"href":"https:\/\/www.salviamoilpaesaggio.it\/blog\/wp-json\/wp\/v2\/comments?post=14726"}],"version-history":[{"count":0,"href":"https:\/\/www.salviamoilpaesaggio.it\/blog\/wp-json\/wp\/v2\/posts\/14726\/revisions"}],"wp:featuredmedia":[{"embeddable":true,"href":"https:\/\/www.salviamoilpaesaggio.it\/blog\/wp-json\/wp\/v2\/media\/14727"}],"wp:attachment":[{"href":"https:\/\/www.salviamoilpaesaggio.it\/blog\/wp-json\/wp\/v2\/media?parent=14726"}],"wp:term":[{"taxonomy":"category","embeddable":true,"href":"https:\/\/www.salviamoilpaesaggio.it\/blog\/wp-json\/wp\/v2\/categories?post=14726"},{"taxonomy":"post_tag","embeddable":true,"href":"https:\/\/www.salviamoilpaesaggio.it\/blog\/wp-json\/wp\/v2\/tags?post=14726"}],"curies":[{"name":"wp","href":"https:\/\/api.w.org\/{rel}","templated":true}]}}