{"id":15217,"date":"2022-03-08T09:44:21","date_gmt":"2022-03-08T08:44:21","guid":{"rendered":"http:\/\/www.salviamoilpaesaggio.it\/blog\/?p=15217"},"modified":"2022-03-08T09:44:28","modified_gmt":"2022-03-08T08:44:28","slug":"salviamo-il-lago-di-lod-chamois","status":"publish","type":"post","link":"https:\/\/www.salviamoilpaesaggio.it\/blog\/2022\/03\/salviamo-il-lago-di-lod-chamois\/","title":{"rendered":"Salviamo il Lago di Lod-Chamois"},"content":{"rendered":"\n<p>Siamo un gruppo di cittadini residenti e non residenti, persone attente al territorio, del <strong>comune di Chamois in Valle d\u2019Aosta, noto come \u201cil paese senza auto\u201d<\/strong>. Poco sopra l\u2019abitato, collegato da un sentiero o raggiungibile in seggiovia, vi \u00e8 il Lago di Lod.<\/p>\n\n\n\n<p>Il lago di Lod rappresenta un piccolo gioiello paesaggistico, con la pineta da una parte e le montagne dall\u2019altra: si \u00e8 formato, come molti altri laghetti alpini, in una conca di risorgiva, priva di immissari ed a tendenza stagnante. Per questo \u00e8 <strong>molto delicato con rischio di impaludamento ed eutrofizzazione.<\/strong><\/p>\n\n\n\n<p>Una Delibera della Giunta Regionale (n.1448 del 15 novembre 2021) <strong>ha dato in concessione per 30 anni le derivazioni d\u2019acqua dal Lago di Lod, dal torrente Chamois e dal torrente Saverou ad uso idroelettrico ad una ditta individuale che costruir\u00e0 due centrali <\/strong>(Centrale Mulino della Pila e Centrale Suisse) della potenza complessiva di 1250 KW, con un costo di circa 10 milioni di Euro (a carico del privato concessionario), previo pagamento di un canone annuo di 33.000 Euro circa + sovracanoni per i consorzi di Comuni e Regione.<\/p>\n\n\n\n<p>La delibera recita: \u201c<em>nella suddetta impostazione progettuale il lago di Lod svolge la funzione di vasca di accumulo per il funzionamento dell\u2019impianto idroelettrico<\/em>\u201d.<\/p>\n\n\n\n<p>Il lago verrebbe a svolgere la funzione di serbatoio di accumulo e di vasca di accumulo per il funzionamento dell\u2019impianto idroelettrico; in tal modo si gioca sulla differenza di prezzo dell\u2019energia elettrica tra le ore diurne (quando \u00e8 pi\u00f9 richiesta ed il prezzo a cui la centrale la vende alla rete \u00e8 pi\u00f9 alto) e le ore notturne (quando la richiesta scende ed il prezzo a cui la centrale la acquista dalla rete \u00e8 minore).<\/p>\n\n\n\n<p>La concessione Regionale al privato prescrive che \u201c<em>&#8230; tenendo conto della modulazione dei prelievi e dei ripompaggi venga prelevato dal Lago un massimo di 450 litri\/secondo con un volume massimo giornaliero di 22.000 metri cubi.<\/em>\u201d<\/p>\n\n\n\n<p>Sono quantit\u00e0 molto grandi.<\/p>\n\n\n\n<p><strong>Abbiamo cercato le Valutazioni di Impatto Ambientale <\/strong>(VIA), sulla base delle quali \u00e8 stata deliberata la concessione: la valutazione positiva risale al 2010, poi prorogata nel 2015 e ancora nel 2018 fino al 2021, ed ancora, causa COVID, sino al 31 marzo 2022. Sono passati 12 anni!<\/p>\n\n\n\n<p>In questi 12 anni nessuna valutazione specifica ci risulta essere stata eseguita dell&#8217;impatto dell&#8217;opera sul Lago di Lod.<\/p>\n\n\n\n<p><strong>Le valutazioni ignorano completamente il problema del Lago<\/strong>, come se non fosse interessato al progetto:per esempio non \u00e8 stata indicata la profondit\u00e0 del Lago ed il suo volume, non sono state fatte simulazioni dei prelievi\/restituzioni di acqua al Lago nella variabilit\u00e0 giorno\/notte \u2013 giorni lavorativi\/festivi \u2013 mesi di magra\/morbida dei torrenti, e non vengono definiti quindi gli spostamenti conseguenti delle rive.<\/p>\n\n\n\n<p>Neppure sono stati analizzati gli effetti sulla vita lacustre e sull\u2019aspetto paesaggistico di questi movimenti delle acque.<\/p>\n\n\n\n<p>Noi stimiamo che il prelevare\/pompare un volume di 22.000 metri cubi significhi abbassare\/alzare il livello dell\u2019acqua di circa 2 metri, e tenendo conto della debole pendenza delle rive significhi spostare le sponde del lago in avanti\/indietro: come se si avesse un grande effetto di alta e bassa marea di circa 15\/20 metri nella stessa giornata, riducendo la superficie del lago alla met\u00e0 !<\/p>\n\n\n\n<p>Ci\u00f2 altera completamente il paesaggio del lago e <strong>pu\u00f2 portare danni forse irreparabili alla vita lacustre.<\/strong><\/p>\n\n\n\n<p>Chiediamo agli organi regionali competenti una nuova valutazione di impatto ambientale dell&#8217;opera prevista, con particolare riferimento all&#8217;ecosistema del Lago di Lod.<\/p>\n\n\n\n<p><strong><em><a href=\"https:\/\/www.change.org\/p\/regione-autonoma-valle-d-aosta-salviamo-il-lago-di-lod-chamois\">La petizione on line pu\u00f2 essere sottoscritta qui.<\/a><\/em><\/strong><\/p>\n","protected":false},"excerpt":{"rendered":"<p>Siamo un gruppo di cittadini residenti e non residenti, persone attente al territorio, del comune di Chamois in Valle d\u2019Aosta, noto come \u201cil paese senza [&#8230;]<\/p>\n","protected":false},"author":2,"featured_media":15218,"comment_status":"open","ping_status":"open","sticky":false,"template":"","format":"standard","meta":{"footnotes":""},"categories":[25],"tags":[1739,3588],"class_list":["post-15217","post","type-post","status-publish","format-standard","has-post-thumbnail","hentry","category-valle_aosta","tag-centrali-idroelettriche","tag-lago-di-lod-chamois"],"_links":{"self":[{"href":"https:\/\/www.salviamoilpaesaggio.it\/blog\/wp-json\/wp\/v2\/posts\/15217","targetHints":{"allow":["GET"]}}],"collection":[{"href":"https:\/\/www.salviamoilpaesaggio.it\/blog\/wp-json\/wp\/v2\/posts"}],"about":[{"href":"https:\/\/www.salviamoilpaesaggio.it\/blog\/wp-json\/wp\/v2\/types\/post"}],"author":[{"embeddable":true,"href":"https:\/\/www.salviamoilpaesaggio.it\/blog\/wp-json\/wp\/v2\/users\/2"}],"replies":[{"embeddable":true,"href":"https:\/\/www.salviamoilpaesaggio.it\/blog\/wp-json\/wp\/v2\/comments?post=15217"}],"version-history":[{"count":0,"href":"https:\/\/www.salviamoilpaesaggio.it\/blog\/wp-json\/wp\/v2\/posts\/15217\/revisions"}],"wp:featuredmedia":[{"embeddable":true,"href":"https:\/\/www.salviamoilpaesaggio.it\/blog\/wp-json\/wp\/v2\/media\/15218"}],"wp:attachment":[{"href":"https:\/\/www.salviamoilpaesaggio.it\/blog\/wp-json\/wp\/v2\/media?parent=15217"}],"wp:term":[{"taxonomy":"category","embeddable":true,"href":"https:\/\/www.salviamoilpaesaggio.it\/blog\/wp-json\/wp\/v2\/categories?post=15217"},{"taxonomy":"post_tag","embeddable":true,"href":"https:\/\/www.salviamoilpaesaggio.it\/blog\/wp-json\/wp\/v2\/tags?post=15217"}],"curies":[{"name":"wp","href":"https:\/\/api.w.org\/{rel}","templated":true}]}}