{"id":16238,"date":"2023-12-04T23:45:51","date_gmt":"2023-12-04T22:45:51","guid":{"rendered":"http:\/\/www.salviamoilpaesaggio.it\/blog\/?p=16238"},"modified":"2023-12-06T16:13:21","modified_gmt":"2023-12-06T15:13:21","slug":"sulla-giornata-mondiale-del-suolo-e-le-trappole-da-evitare-come-il-ponte-sullo-stretto","status":"publish","type":"post","link":"https:\/\/www.salviamoilpaesaggio.it\/blog\/2023\/12\/sulla-giornata-mondiale-del-suolo-e-le-trappole-da-evitare-come-il-ponte-sullo-stretto\/","title":{"rendered":"Sulla Giornata mondiale del suolo e le trappole da evitare. Come il ponte sullo Stretto"},"content":{"rendered":"\n<p><em>Paolo Pileri<\/em><\/p>\n\n\n\n<p>Articolo originale pubblicato su <a href=\"https:\/\/altreconomia.it\/sulla-giornata-mondiale-del-suolo-e-le-trappole-da-evitare-come-il-ponte-sullo-stretto\/\" data-type=\"URL\" data-id=\"https:\/\/altreconomia.it\/sulla-giornata-mondiale-del-suolo-e-le-trappole-da-evitare-come-il-ponte-sullo-stretto\/\">Altreconomia<\/a><\/p>\n\n\n\n<p><em>Il 5 dicembre ci ricorda che il suolo esiste ed \u00e8 l\u2019ecosistema strategico che vogliamo tutelare. Per coltivare un pensiero ecologico coerente che rifiuti la cementificazione, l\u2019ipocrisia della politica dei \u201cristori\u201d che non vuole cambiare direzione e la propaganda governativa sull\u2019inattuale e assurdo progetto del \u201cponte\u201d. L\u2019analisi di Paolo Pileri<\/em><\/p>\n\n\n\n<p>Quest\u2019anno la <strong><a href=\"https:\/\/www.fao.org\/world-soil-day\/en\/\" data-type=\"URL\" data-id=\"https:\/\/www.fao.org\/world-soil-day\/en\/\">Giornata mondiale del suolo del 5 dicembre<\/a><\/strong> cade in mezzo a un campo minato di <strong>contraddizioni e disastri<\/strong>. Una breve lista.<\/p>\n\n\n\n<p>Primo. Siamo nel mezzo di una Conferenza delle Nazioni Unite sui cambiamenti climatici (<strong>Cop28<\/strong>) che ha sede a Dubai, culla planetaria dell\u2019insostenibilit\u00e0 dove migliaia di tonnellate di sabbia desertica (ovvero suolo) sono state buttate a mare per fare le famose isole artificiali con i loro lussuosi grattacieli che sono costati migliaia di morti sul lavoro.<\/p>\n\n\n\n<p>Secondo. <strong>Due guerre in corso<\/strong> che hanno sulle spalle migliaia e migliaia di morti, tra cui moltissimi bambini, donne e anziani (siamo penosi); guerre in buona parte sostenute dalle nostre economie a base di armi; guerre che hanno distrutto i suoli agricoli di quei popoli che, se usciranno dalla guerra, entreranno nella fame.<\/p>\n\n\n\n<p>Terzo. Siamo in un\u2019<strong>Europa che ha accordato l\u2019uso del peggior erbicida cancerogeno di tutti i tempi, il glifosato<\/strong>, fino al 2033 anche grazie alla posizione complice del nostro governo. Solo negli Stati Uniti, fornitore di parte del grano che i nostri pastifici usano per i maccheroni \u201cMade in Italy\u201d e molti prodotti mais-derivati, sono oltre due miliardi le tonnellate di glifosato sparse nei campi. Nel 2015 la l\u2019Agenzia internazionale per la ricerca sul cancro (Iarc) ha dichiarato che il glifosato \u00e8 assai probabilmente all\u2019origine del diffuso e grave linfoma non Hodgkin. Cose che non sembrano interessare i nostri decisori politici che non sappiamo neppur se si domandano quante tonnellate di glifosato ci sono e ci saranno nei suoli agricoli italiani. Che ignorano, verosimilmente, che esistono relazioni certe tra la salute dei suoli, quella delle piante e quindi quella delle persone (si chiama \u201cOne Health\u201d).<\/p>\n\n\n\n<p>Quarto. Tanto per non perderci nulla, abbiamo il clamore del <strong>ponte sullo Stretto<\/strong> che \u00e8 tornato a occupare le pagine di giornali, <em>social<\/em> e dibattiti in tv: un congegno geniale per distrarre tutto e tutti dai tanti temi che contano. Un progetto inattuale e assurdo che non si far\u00e0 mai o, peggio, che magari inizier\u00e0 ma non finir\u00e0 mai andando a ingrossare le fila dei tanti incompiuti, simbolo della nostra decadenza culturale. In fondo il ponte sullo Stretto che cos\u2019\u00e8 se non un progetto bandiera di un Paese che si ostina a non cambiare nulla di se stesso, nonostante la crisi climatico-ecologica. Un Paese che vuole ancora dimostrare di saper domare tutto e tutti attraverso la soluzione infrastrutturale da record mondiale, in perfetto stile autocelebrativo. Se siamo i primi, si risolvono tutti i mali: falso. Se facciamo un\u2019opera pubblica miliardaria che fa parlare di noi (la famosa <em>reputation<\/em> che piace a tutto l\u2019arco politico), risolviamo i milioni di problemi e di ingiustizie del Paese: falso. \u00c8 solo fumo negli occhi.<\/p>\n\n\n\n<p>\u201cLa dittatura perfetta \u00e8 una dittatura con le sembianze di una democrazia, una prigione senza muri da cui i prigionieri non vogliono affatto evadere. Un sistema di schiavit\u00f9 dove, grazie al consumo e all\u2019intrattenimento, gli schiavi amano la loro condizione servile\u201d \u2013 Aldous Huxley<\/p>\n\n\n\n<p>La vecchia grande macchina di distrazione che inganna anche i pochissimi politici ancora dediti alla questione ecologica. I pochissimi che dicono ancora di lottare contro il consumo di suolo, l\u2019urgenza ecologica forse pi\u00f9 urgente. Non \u00e8 certo tutta farina del sacco di questo governo l\u2019idea del ponte sullo Stretto, visto che quello precedente non ha sbarrato definitivamente la strada al ponte nonostante l\u2019allora ministro competente fosse l\u2019ambasciatore dell\u2019agenda 2030, e quelli precedenti ancora lo hanno tenuto sempre in caldo e mai sepolto.<\/p>\n\n\n\n<p><strong>Per il suolo sar\u00e0 un\u2019opera devastante<\/strong>. Le infinite tonnellate di sabbia e ghiaia per fare il cemento sventreranno migliaia di ettari di territorio. Altrettante migliaia e migliaia di ettari di consumo di suolo lo genereranno le aree di fondazione, le strade, i raccordi, le aree tecniche, i cantieri immensi. Ma nessuno ne parla e forse se ne rende conto. La propaganda di governo \u00e8 talmente convinta di s\u00e9 e talmente vociante che pare essere pure scomparsa la valutazione di impatto ambientale (mi permetto di suggerire alle opposizioni di tenere molto sotto controllo questa procedura). E cos\u00ec, natura e suolo sono indiscutibilmente \u201ca disposizione\u201d, sottomessi all\u2019imperativo del solito modello della crescita.<\/p>\n\n\n\n<p>Se il ponte domina la scena anche del 5 dicembre, temo <strong>non si parler\u00e0 del legame stretto tra cementificazioni e alluvioni-frane marchigiane, romagnole, campane, toscane che hanno messo in ginocchio il Paese<\/strong> e ucciso pi\u00f9 di quaranta persone (e ne arriveranno altre di frane). E semmai qualcuno ci prover\u00e0, ci aspettiamo una politica pronta a rispondere con la parola dell\u2019anno che mette d\u2019accordo tutti: <em>ristoro. <\/em><strong>Il ristoro \u00e8 la \u201cpezza\u201d che evita di ragionare sulle cause<\/strong>, cucinando noi e la giustizia ambientale in un unico brodo insidioso. Non si evita nulla e si ristora tutto. Almeno a parole. E questo sta iniziando a valere anche per il consumo di suolo.<\/p>\n\n\n\n<p>Abbiamo costruito in aree mediamente allagabili altri 917,6 ettari (13% dell\u2019intero consumo nazionale 2022) e altri 529 ettari in aree franose (7,5%)? Nessun problema, in caso si ristorer\u00e0. Abbiamo costruito a meno di 150 metri da un corso d\u2019acqua (pi\u00f9 817,2 ettari nel 2022)? Nessun problema, in caso si ristorer\u00e0. I governi sembrano ormai utili solo a ristorare. La nostra presidente del Consiglio alla Cop28 di Dubai ha addirittura annunciato di ristorare con anticipo, promettendo 100 milioni di euro per le future vittime della crisi climatica (<em>loss and damage<\/em>). Pensiamo di cavarcela con cento milioni di euro senza far nulla di serio per fermare il treno di tutto ci\u00f2 che produce crisi climatica. Solo il suolo consumato nel 2022 ha generato danni finanziari equivalenti a circa otto-nove miliardi di euro a causa della scomparsa dei relativi servizi ecosistemici.<\/p>\n\n\n\n<p>A questo serve la Giornata mondiale del suolo: a dire che il suolo esiste ed \u00e8 l\u2019ecosistema strategico che vogliamo tutelare. A regalarci un briciolo di chiarezza e a mostrare con fierezza che esiste un pensiero ecologico che fa attenzione a quel che i decisori dicono. A <strong>smascherare l\u2019ipocrisia, a non distrarsi davanti alle trappole mediatiche<\/strong> come l\u2019assurdo progetto del ponte sullo Stretto. A sentirsi parte di una comunit\u00e0 ecologica che rinnova il suo <strong>impegno quotidiano a dare voce al suolo<\/strong>. Non \u00e8 poco, credetemi. Crediamoci.<\/p>\n\n\n\n<p><em>Paolo Pileri \u00e8 ordinario di Pianificazione territoriale e ambientale al Politecnico di Milano. Il suo ultimo libro \u00e8 \u201cL\u2019intelligenza del suolo\u201d, Altreconomia, 2022<\/em><\/p>\n","protected":false},"excerpt":{"rendered":"<p>Paolo Pileri Articolo originale pubblicato su Altreconomia Il 5 dicembre ci ricorda che il suolo esiste ed \u00e8 l\u2019ecosistema strategico che vogliamo tutelare. Per coltivare [&#8230;]<\/p>\n","protected":false},"author":2,"featured_media":16239,"comment_status":"open","ping_status":"open","sticky":false,"template":"","format":"standard","meta":{"footnotes":""},"categories":[126],"tags":[1917,1387],"class_list":["post-16238","post","type-post","status-publish","format-standard","has-post-thumbnail","hentry","category-consumo-di-suolo-tematiche","tag-giornata-mondiale-del-suolo","tag-paolo-pileri"],"_links":{"self":[{"href":"https:\/\/www.salviamoilpaesaggio.it\/blog\/wp-json\/wp\/v2\/posts\/16238","targetHints":{"allow":["GET"]}}],"collection":[{"href":"https:\/\/www.salviamoilpaesaggio.it\/blog\/wp-json\/wp\/v2\/posts"}],"about":[{"href":"https:\/\/www.salviamoilpaesaggio.it\/blog\/wp-json\/wp\/v2\/types\/post"}],"author":[{"embeddable":true,"href":"https:\/\/www.salviamoilpaesaggio.it\/blog\/wp-json\/wp\/v2\/users\/2"}],"replies":[{"embeddable":true,"href":"https:\/\/www.salviamoilpaesaggio.it\/blog\/wp-json\/wp\/v2\/comments?post=16238"}],"version-history":[{"count":0,"href":"https:\/\/www.salviamoilpaesaggio.it\/blog\/wp-json\/wp\/v2\/posts\/16238\/revisions"}],"wp:featuredmedia":[{"embeddable":true,"href":"https:\/\/www.salviamoilpaesaggio.it\/blog\/wp-json\/wp\/v2\/media\/16239"}],"wp:attachment":[{"href":"https:\/\/www.salviamoilpaesaggio.it\/blog\/wp-json\/wp\/v2\/media?parent=16238"}],"wp:term":[{"taxonomy":"category","embeddable":true,"href":"https:\/\/www.salviamoilpaesaggio.it\/blog\/wp-json\/wp\/v2\/categories?post=16238"},{"taxonomy":"post_tag","embeddable":true,"href":"https:\/\/www.salviamoilpaesaggio.it\/blog\/wp-json\/wp\/v2\/tags?post=16238"}],"curies":[{"name":"wp","href":"https:\/\/api.w.org\/{rel}","templated":true}]}}