{"id":17483,"date":"2025-08-03T15:29:05","date_gmt":"2025-08-03T13:29:05","guid":{"rendered":"https:\/\/www.salviamoilpaesaggio.it\/blog\/?p=17483"},"modified":"2025-08-03T15:30:17","modified_gmt":"2025-08-03T13:30:17","slug":"bari-molte-domande-agli-amministratori-sul-nuovo-piano-comunale-del-verde","status":"publish","type":"post","link":"https:\/\/www.salviamoilpaesaggio.it\/blog\/2025\/08\/bari-molte-domande-agli-amministratori-sul-nuovo-piano-comunale-del-verde\/","title":{"rendered":"Bari, molte domande agli Amministratori sul nuovo Piano comunale del Verde"},"content":{"rendered":"\n<p><em>A proposito di verde pubblico, riceviamo da Giacinto Giglio di Bari, e pubblichiamo con piacere, un documento sul verde pubblico (Piano del Verde) realizzato dal gruppo di lavoro della Consulta per l&#8217;Ambiente del Comune di Bari<\/em><\/p>\n\n\n\n<p><strong>Premesso che<\/strong>: l\u2019articolo 55 del Decreto legislativo del 03\/07\/2017 n. 117 (ossia il Codice del Terzo Settore) prevede che \u201cin attuazione dei principi di sussidiariet\u00e0, cooperazione, efficacia, efficienza ed economicit\u00e0, omogeneit\u00e0, copertura finanziaria e patrimoniale, responsabilit\u00e0 e unicit\u00e0 dell\u2019amministrazione, autonomia organizzativa e regolamentare, le amministrazioni pubbliche [\u2026] <strong>assicurano il coinvolgimento attivo degli enti del Terzo settore, attraverso forme di co-programmazione, co-progettazione e accreditamento<\/strong>, poste in essere nel rispetto dei principi della legge 7 agosto 1990, n. 241, nonch\u00e9 delle norme che disciplinano specifici procedimenti e, in particolare, di quelle relative alla programmazione sociale di zona\u201d.<\/p>\n\n\n\n<p><strong><u>Si propongono i seguenti temi all\u2019Amministrazione e agli estensori del Piano comunale del Verde (PdV).<\/u><\/strong><\/p>\n\n\n\n<p><strong><em><u>Aspetti metodologici<\/u><\/em><\/strong>:<\/p>\n\n\n\n<p>&#8211; perch\u00e9 non \u00e8 stato previsto un Piano del Verde Partecipato ai sensi della LR28\/2016 e del Regolamento LR 13\/2018?<\/p>\n\n\n\n<p>&#8211; sar\u00e0 previsto un Piano della Partecipazione pubblica che il PdV prevede per la comunicazione, formazione e sensibilizzazione?<\/p>\n\n\n\n<p>&#8211; le associazioni saranno impiegate nel monitoraggio e attuazione degli obiettivi (qualitativi\/quantitativi) del PdV?<\/p>\n\n\n\n<p>&#8211; \u00e8 previsto l\u2019utilizzo delle tecnologie digitali come ausilio per facilitare la partecipazione e coinvolgere nella co-progettazione del Piano del Verde cittadini, comitati di quartiere, associazioni ambientaliste, Consiglieri di circoscrizione, associazioni di categoria, associazioni e ordini professionali?<\/p>\n\n\n\n<p>&#8211; gli obiettivi del PdV saranno coordinati con il PUMS e con il Piano d\u2019Azione per l\u2019energia sostenibile e il clima?<\/p>\n\n\n\n<p>&#8211; saranno quantificati i benefici dei servizi ecosistemici presenti nelle zone della citt\u00e0, come attivit\u00e0 inziale per la programmazione delle nuove piantumazioni?<\/p>\n\n\n\n<p>&#8211; come sar\u00e0 quantificata la \u201cdomanda\u201d di servizi ecosistemici\u201d relativi alle tipologie di verde pubblico per quartiere?<\/p>\n\n\n\n<p>&#8211; delle aree a verdi esistenti saranno calcolati: indice di permeabilit\u00e0, grado di copertura della canapa e indice di piantumazione?<\/p>\n\n\n\n<p>&#8211; sar\u00e0 svolta un\u2019analisi del fenomeno \u201cisole di calore\u201d nella citt\u00e0, per determinare l\u2019urgenza di idonei interventi di piantumazione nelle zone soggette?<\/p>\n\n\n\n<p>&#8211; quale verde per le aree a rischio idrogeologico e la mitigazione delle criticit\u00e0 ambientali?<\/p>\n\n\n\n<p>&#8211; quali spazi verdi esistenti saranno naturalizzati e riconvertiti per la biodiversit\u00e0 attraverso la restituzione di permeabilit\u00e0?<\/p>\n\n\n\n<p>&#8211; sar\u00e0 previsto un piano di promozione dell\u2019inverdimento diffuso, spazi pubblici e privati inutilizzati, tetti di attivit\u00e0 commerciali ed edifici, nelle zone non servite da parchi o giardini pubblici?<\/p>\n\n\n\n<p>&#8211; come si collegher\u00e0 la Rete ecologica locale a quella regionale del PPRT?<\/p>\n\n\n\n<p>&#8211; saranno individuate, tra le nuove infrastrutture verdi, quelle per la messa a dimora di un albero per ogni figlio nato o adottato nel territorio L 113\/92?<\/p>\n\n\n\n<p>&#8211; per realizzare la cosiddetta \u201ccitt\u00e0 dei 15 minuti\u201d saranno individuati nuclei di verde di 500 mq e raggiabili in 5 min. (300 m di raggio) e aree verdi di 5.000 mq e raggiungibili in 15 min. (800 m di raggio)?<\/p>\n\n\n\n<p>&#8211; le previsioni del PdV saranno un \u201cinvariante\u201d al nuovo PUG?<\/p>\n\n\n\n<p>&#8211; il Regolamento del verde urbano sar\u00e0 coordinato con il Regolamento edilizio comunale e con NTA del PdV?<\/p>\n\n\n\n<p><strong><em><u>Aspetti operativi<\/u><\/em><\/strong>:<\/p>\n\n\n\n<p>&#8211; sar\u00e0 garantita l\u2019accessibilit\u00e0 e fruibilit\u00e0 delle aree verdi esistenti e future?<\/p>\n\n\n\n<p>&#8211; quali interventi di restauro si prevedono per i \u201cparchi e giardini storici\u201d (vedi P.za Umberto e P.za Garibaldi)?<\/p>\n\n\n\n<p>&#8211; per i \u201cviali storici\u201d di accesso alla citt\u00e0 \u00e8 previsto incremento e riqualificazione delle alberature?<\/p>\n\n\n\n<p>&#8211; \u00e8 previsto l\u2019apposito censimento dei terreni disponibili ai sensi dell\u2019art. 4 comma 2 LR per la realizzazione di orti urbani e collettivi?<\/p>\n\n\n\n<p>&#8211; nel censimento del verde comunale sono stati individuati gli \u201calberi monumentali\u201d di cui L.10\/2013 e al DM 23 ottobre 2014?<\/p>\n\n\n\n<p>&#8211; per quali aree verdi il Comune ha predisposto una proposta progettuale in risposta all\u2019 \u201cAvviso pubblico PR Puglia 2021-2027 \u2013 Priorit\u00e0 II Economia verde\u201d &#8211; Azione 2.13 \u201cInterventi di infrastrutture verdi del territorio\u201d scaduto il 5 maggio 2025?<\/p>\n\n\n\n<p>&#8211; le risorse economiche previste per le aree verdi hanno una spesa minima \u20ac\/mq?<\/p>\n\n\n\n<p>&#8211; sar\u00e0 previsto il \u201cfinanziamento collettivo\u201d o i \u201cbond verdi\u201d per finanziare il nuovo verde pubblico?<\/p>\n\n\n\n<p>&#8211; \u00e8 previsto un coordinamento tra Ufficio del Verde e quello dei LL.PP, strade e infrastrutture?<\/p>\n\n\n\n<p>&#8211; saranno individuate le specie autoctone pi\u00f9 idonee da utilizzare in fase di rinnovo o nuovo impianto rispettando la regola 10 % per ogni specie, 20 % di ogni genere e non pi\u00f9 del 30% di ogni famiglia?<\/p>\n\n\n\n<p>&#8211; cosa sar\u00e0 previsto per i margini urbani, una cintura verde per la valorizzazione dell\u2019agricoltura urbana, di cui al \u201cPatto citt\u00e0 campagna\u201d del PPTR?<\/p>\n\n\n\n<p>&#8211; sulle aree comunali, o su quelle da acquisire al patrimonio comunale prossime all\u2019abitato, saranno individuate aree per la forestazione urbana?<\/p>\n\n\n\n<p>&#8211; saranno previste iniziative di volontariato per la cura e la manutenzione degli spazi verdi?<\/p>\n\n\n\n<p>&#8211; con l\u2019aumento delle aree verdi \u00e8 previsto un aumento del personale formato per la manutenzione?<\/p>\n\n\n\n<p>&#8211; \u00e9 previsto 1 albero\/100 mq di superficie coperta da edifici nelle nuove trasformazioni edilizie?<\/p>\n\n\n\n<p>&#8211; i giardini scolastici potrebbero essere aperti ai quartieri di pertinenza?<\/p>\n\n\n\n<p>&#8211; saranno riconnesse aree verdi frammentate anche attraverso la rimozione di detrattori?<\/p>\n\n\n\n<p>&#8211; \u00e9 prevista la riqualificazione del tratturo storico del demanio armentizio?<\/p>\n\n\n\n<p><strong><em>Aspetti specifici<\/em><\/strong>:<\/p>\n\n\n\n<p>&#8211; si istituir\u00e0 il Parco naturale di Lama S. Giorgio Giotta?<\/p>\n\n\n\n<p>&#8211; sar\u00e0 riattivato il vivaio comunale di via Napoli n.335 per la riproduzione di specie e cultivar rare e protette?<\/p>\n\n\n\n<p><strong><em>Firmatari del gruppo di lavoro del verde:<\/em><\/strong><\/p>\n\n\n\n<p><strong><em>Domenica Pasculli &#8211;<\/em><\/strong><em> Associazione in Difesa del verde e giardini storici BA onlus<\/em><\/p>\n\n\n\n<p><strong><em>Pasquale Capezzuto<\/em><\/strong><em> &#8211; Energy Manager<\/em><\/p>\n\n\n\n<p><strong><em>Giacinto Giglio<\/em><\/strong><em> &#8211; Italia Nostra<\/em><\/p>\n\n\n\n<p><strong><em>Carmen Genghi<\/em><\/strong><em> &#8211; La Materia e la Forma<\/em><em><\/em><\/p>\n","protected":false},"excerpt":{"rendered":"<p>A proposito di verde pubblico, riceviamo da Giacinto Giglio di Bari, e pubblichiamo con piacere, un documento sul verde pubblico (Piano del Verde) realizzato dal [&#8230;]<\/p>\n","protected":false},"author":2,"featured_media":17484,"comment_status":"open","ping_status":"open","sticky":false,"template":"","format":"standard","meta":{"footnotes":""},"categories":[1374,18],"tags":[],"class_list":["post-17483","post","type-post","status-publish","format-standard","has-post-thumbnail","hentry","category-citta-e-verde-urbano","category-puglia"],"_links":{"self":[{"href":"https:\/\/www.salviamoilpaesaggio.it\/blog\/wp-json\/wp\/v2\/posts\/17483","targetHints":{"allow":["GET"]}}],"collection":[{"href":"https:\/\/www.salviamoilpaesaggio.it\/blog\/wp-json\/wp\/v2\/posts"}],"about":[{"href":"https:\/\/www.salviamoilpaesaggio.it\/blog\/wp-json\/wp\/v2\/types\/post"}],"author":[{"embeddable":true,"href":"https:\/\/www.salviamoilpaesaggio.it\/blog\/wp-json\/wp\/v2\/users\/2"}],"replies":[{"embeddable":true,"href":"https:\/\/www.salviamoilpaesaggio.it\/blog\/wp-json\/wp\/v2\/comments?post=17483"}],"version-history":[{"count":0,"href":"https:\/\/www.salviamoilpaesaggio.it\/blog\/wp-json\/wp\/v2\/posts\/17483\/revisions"}],"wp:featuredmedia":[{"embeddable":true,"href":"https:\/\/www.salviamoilpaesaggio.it\/blog\/wp-json\/wp\/v2\/media\/17484"}],"wp:attachment":[{"href":"https:\/\/www.salviamoilpaesaggio.it\/blog\/wp-json\/wp\/v2\/media?parent=17483"}],"wp:term":[{"taxonomy":"category","embeddable":true,"href":"https:\/\/www.salviamoilpaesaggio.it\/blog\/wp-json\/wp\/v2\/categories?post=17483"},{"taxonomy":"post_tag","embeddable":true,"href":"https:\/\/www.salviamoilpaesaggio.it\/blog\/wp-json\/wp\/v2\/tags?post=17483"}],"curies":[{"name":"wp","href":"https:\/\/api.w.org\/{rel}","templated":true}]}}