{"id":17595,"date":"2025-09-05T09:23:14","date_gmt":"2025-09-05T07:23:14","guid":{"rendered":"https:\/\/www.salviamoilpaesaggio.it\/blog\/?p=17595"},"modified":"2025-09-05T09:23:15","modified_gmt":"2025-09-05T07:23:15","slug":"eolico-offshore-la-multinazionale-giapponese-fa-retromarcia","status":"publish","type":"post","link":"https:\/\/www.salviamoilpaesaggio.it\/blog\/2025\/09\/eolico-offshore-la-multinazionale-giapponese-fa-retromarcia\/","title":{"rendered":"Eolico offshore: la multinazionale giapponese fa retromarcia"},"content":{"rendered":"\n<h2 class=\"wp-block-heading\"><strong><em>Dal Giappone, patria delle nuove tecnologie per la produzione di energia da fonti rinnovabili, giunge la notizia del ritiro da parte di Mitsubishi Corporation di tre progetti eolici offshore in altrettante aree al largo della costa del paese: costi troppo elevati non garantiscono un ritorno economico adeguato. O forse il ripensamento deriva anche dal blackout (&#8220;apag\u00f2n&#8221;) spagnolo?&#8230;<\/em><\/strong><\/h2>\n\n\n\n<p>Difficile comprendere se la sorprendente rinuncia della corporation giapponese sia davvero da attribuire soltanto a una questione finanziaria o se abbia in qualche modo influito anche <strong>il recente collasso delle rete iberica<\/strong>, largamente alimentata dall&#8217;energia solare ma non ancora in grado di assicurare piena stabilit\u00e0.<\/p>\n\n\n\n<p>Sotto il profilo generale, <strong>lo sviluppo di questo settore sta incontrando crescenti difficolt\u00e0 in tutto il mondo<\/strong>, tanto che la societ\u00e0 danese \u00d8rsted, il pi\u00f9 grande sviluppatore di progetti eolici offshore al mondo, si \u00e8 vista recapitare un ordine di sospensione dei lavori per il progetto Revolution Wind al largo della costa orientale degli <strong>Stati Uniti<\/strong>, nonostante fosse gi\u00e0 stato completato circa l\u201980% dell&#8217;impianto.<\/p>\n\n\n\n<p>Una situazione che, ovviamente, modifica profondamente gli scenari futuri di questa tecnologia che anche in<strong> Italia<\/strong> \u00e8 fonte di attente ricerche &#8211; bench\u00e9 la ventosit\u00e0 del mar Mediterraneo sia inferiore a quella del mare del Nord e i fondali dei mari italiani siano profondi e non consentano quindi l\u2019utilizzo di fondazioni fisse per i generatori &#8211; in particolare nel campo dell&#8217;<strong>eolico galleggiante<\/strong>.<\/p>\n\n\n\n<p>Nel nostro Paese \u00e8 operativo un unico parco eolico offshore al largo di <strong>Taranto<\/strong>, inaugurato nel 2022, con una capacit\u00e0 di 30 MW, un valore inferiore rispetto agli impianti gi\u00e0 in funzione nell\u2019Europa settentrionale.<\/p>\n\n\n\n<p>Il <strong>Piano Nazionale Integrato per l\u2019Energia e il Clima <\/strong>(Pniec) considera \u201cinnovativo\u201d l\u2019eolico offshore nel quadro dell\u2019obiettivo di coprire con le fonti rinnovabili il 55% dei consumi di elettricit\u00e0 in Italia (e il 30% dei consumi totali di energia) nel 2030. In particolare il Piano nazionale stabilisce un traguardo di 300 MW di eolico offshore nel 2025 e 900 MW nel 2030.<\/p>\n\n\n\n<p><strong>Questa \u00e8 la nota ufficiale diramata da Mitsubishi Corporation, asciutta e priva di fronzoli (la traduzione \u00e8 a nostra cura):<\/strong><\/p>\n\n\n\n<p><em>\u00abMitsubishi Corporation (MC), attraverso un consorzio guidato dalla nostra sussidiaria Mitsubishi Corporation Offshore Wind Ltd., ha sviluppato progetti eolici offshore in tre aree al largo della costa del Giappone Noshiro City, Mitane Town e Oga City (Prefettura di Akita), (Yurihonjo City (Prefettura di Akita) e Choshi City (Prefettura di Chiba).<\/em><\/p>\n\n\n\n<p><em>Come annunciato a febbraio 2025, MC ha rivisto i piani aziendali per questi progetti a causa di cambiamenti imprevisti nel contesto aziendale. A seguito di tale revisione, abbiamo deciso di non procedere con lo sviluppo del progetto.<\/em><\/p>\n\n\n\n<p><em>Da quando MC \u00e8 stata scelta come gestore di questi progetti nel dicembre 2021, in seguito alla pandemia e alla crisi ucraina, il contesto imprenditoriale per l&#8217;energia eolica offshore \u00e8 cambiato significativamente in tutto il mondo a causa di fattori quali catene di approvvigionamento ristrette, inflazione, tassi di cambio e aumento dei tassi di interesse.<\/em><\/p>\n\n\n\n<p><em>Per adattarci a questi cambiamenti inaspettati, abbiamo valutato diverse opzioni, tra cui la rivalutazione dei costi, della tempistica del progetto e dei ricavi. Tuttavia, dopo discussioni tra i partner, abbiamo stabilito che, date le attuali condizioni, non \u00e8 fattibile elaborare un piano aziendale sostenibile.<\/em><\/p>\n\n\n\n<p><em>La maggior parte delle perdite relative a questa questione sono gi\u00e0 state contabilizzate negli anni precedenti e si prevede che eventuali perdite aggiuntive saranno limitate.<\/em><\/p>\n\n\n\n<p><em>Continuiamo a riconoscere che le energie rinnovabili, compresa l&#8217;energia eolica offshore, sono un elemento essenziale del mix energetico giapponese. Continuiamo a impegnarci per la realizzazione di una societ\u00e0 decarbonizzata, monitorando attentamente il contesto imprenditoriale\u00bb.<\/em><\/p>\n","protected":false},"excerpt":{"rendered":"<p>Dal Giappone, patria delle nuove tecnologie per la produzione di energia da fonti rinnovabili, giunge la notizia del ritiro da parte di Mitsubishi Corporation di [&#8230;]<\/p>\n","protected":false},"author":2,"featured_media":17597,"comment_status":"open","ping_status":"open","sticky":false,"template":"","format":"standard","meta":{"footnotes":""},"categories":[33],"tags":[],"class_list":["post-17595","post","type-post","status-publish","format-standard","has-post-thumbnail","hentry","category-energie-rinnovabili"],"_links":{"self":[{"href":"https:\/\/www.salviamoilpaesaggio.it\/blog\/wp-json\/wp\/v2\/posts\/17595","targetHints":{"allow":["GET"]}}],"collection":[{"href":"https:\/\/www.salviamoilpaesaggio.it\/blog\/wp-json\/wp\/v2\/posts"}],"about":[{"href":"https:\/\/www.salviamoilpaesaggio.it\/blog\/wp-json\/wp\/v2\/types\/post"}],"author":[{"embeddable":true,"href":"https:\/\/www.salviamoilpaesaggio.it\/blog\/wp-json\/wp\/v2\/users\/2"}],"replies":[{"embeddable":true,"href":"https:\/\/www.salviamoilpaesaggio.it\/blog\/wp-json\/wp\/v2\/comments?post=17595"}],"version-history":[{"count":0,"href":"https:\/\/www.salviamoilpaesaggio.it\/blog\/wp-json\/wp\/v2\/posts\/17595\/revisions"}],"wp:featuredmedia":[{"embeddable":true,"href":"https:\/\/www.salviamoilpaesaggio.it\/blog\/wp-json\/wp\/v2\/media\/17597"}],"wp:attachment":[{"href":"https:\/\/www.salviamoilpaesaggio.it\/blog\/wp-json\/wp\/v2\/media?parent=17595"}],"wp:term":[{"taxonomy":"category","embeddable":true,"href":"https:\/\/www.salviamoilpaesaggio.it\/blog\/wp-json\/wp\/v2\/categories?post=17595"},{"taxonomy":"post_tag","embeddable":true,"href":"https:\/\/www.salviamoilpaesaggio.it\/blog\/wp-json\/wp\/v2\/tags?post=17595"}],"curies":[{"name":"wp","href":"https:\/\/api.w.org\/{rel}","templated":true}]}}