{"id":7237,"date":"2013-01-21T08:57:49","date_gmt":"2013-01-21T07:57:49","guid":{"rendered":"http:\/\/www.salviamoilpaesaggio.it\/blog\/?p=7237"},"modified":"2013-01-31T22:25:55","modified_gmt":"2013-01-31T21:25:55","slug":"governo-del-territorio-nella-marche-un-primo-risultato","status":"publish","type":"post","link":"https:\/\/www.salviamoilpaesaggio.it\/blog\/2013\/01\/governo-del-territorio-nella-marche-un-primo-risultato\/","title":{"rendered":"Governo del territorio nella Marche: un primo risultato"},"content":{"rendered":"<h3><strong><a href=\"http:\/\/www.salviamoilpaesaggio.it\/blog\/wp-content\/uploads\/2013\/01\/lago-di-cingoli.jpg\"><img loading=\"lazy\" decoding=\"async\" class=\"alignnone size-full wp-image-7254\" title=\"20130120_lago-di-cingoli\" src=\"http:\/\/www.salviamoilpaesaggio.it\/blog\/wp-content\/uploads\/2013\/01\/20130120_lago-di-cingoli.jpg\" alt=\"\" width=\"640\" height=\"290\" srcset=\"https:\/\/www.salviamoilpaesaggio.it\/blog\/wp-content\/uploads\/2013\/01\/20130120_lago-di-cingoli.jpg 640w, https:\/\/www.salviamoilpaesaggio.it\/blog\/wp-content\/uploads\/2013\/01\/20130120_lago-di-cingoli-300x135.jpg 300w\" sizes=\"auto, (max-width: 640px) 100vw, 640px\" \/><\/a><br \/>\nL&#8217;iter delle modifiche riguardanti la legge sul governo del territorio della regione Marche avanza, a discapito di tutto \u00e8 un segnale molto positivo e che forse dovrebbe far sperare.<br \/>\nMa c&#8217;\u00e8 ancora strada da percorrere &#8230;<\/strong><\/h3>\n<p>Dalle odierne notizie di stampa apprendiamo che<strong> la Giunta Regionale,<\/strong> dopo un lungo sonno di venti anni, caratterizzato da proclami di riforme organiche, testi approvati e poi insabbiati dalle commissioni consiliari, dibattiti e inutili attese di cittadini, addetti ai lavori e parti sociali, <strong>ha approvato una proposta di legge sul governo del territorio che ora dovr\u00e0 essere portata in IV Commissione Consiliare e poi in Consiglio Regionale per diventare legge.<\/strong><\/p>\n<p><strong>Il Forum Paesaggio Marche ritiene che tale iniziativa della Giunta sia anche conseguenza della forte pressione<\/strong> determinata dal recente avvio della campagna per la presentazione al Consiglio Regionale di una organica proposta di legge regionale di iniziativa popolare per la tutela del paesaggio ed il governo partecipato del territorio, da parte delle quasi cento associazioni e comitati riuniti nel movimento.<\/p>\n<p>Auspichiamo vivamente che le migliaia di cittadini che con entusiasmo e convinzione hanno gi\u00e0 firmato i moduli con la nostra legge, <strong>(siamo a quota 3000 firme in due mesi di raccolta)<\/strong>, e che continuano ad affollare i nostri banchetti posti in tanti centri della regione, faranno s\u00ec che <strong>il Consiglio Regionale potr\u00e0 aprire un confronto serio e approfondito, ancorch\u00e9 serrato, tra le due proposte di legge sul tappeto, quella del Forum Paesaggio Marche e quella della Giunta Regionale, per dare finalmente anche alle Marche una legislazione innovativa e adeguata sia alla necessaria tutela del patrimonio ambientale, culturale e paesaggistico ancora non compromesso sia alle reali attese di partecipazione di tanti cittadini<\/strong>; si tenga conto che proprio in questi giorni la UE ha approvato una determinazione che impone agli Stati membri di raggiungere in un tempo prefissato l\u2019obiettivo del consumo di suolo zero.<\/p>\n<p><strong>Il Forum Paesaggio Marche proseguir\u00e0 nelle prossime settimane con ancor pi\u00f9 determinazione e convinzione la raccolta di firme da parte dei cittadini e auspica che, una volta raggiunto il quorum di firme necessarie (5000 entro marzo 2013), il Consiglio Regionale abbia al proprio interno consiglieri aperti e sensibili alle rilevanti questioni poste dal Forum e pronti ad impegnarsi in prima persona, aldil\u00e0 dei recinti di schieramento e di partito, per far s\u00ec che i contenuti sostanziali della nostra proposta possano divenire gli elementi portanti della nuova legge.<\/strong><\/p>\n<p><strong>Tali elementi sono:<\/strong><br \/>\n&#8211; il \u201cpaesaggio bene comune\u201d<br \/>\n&#8211; il \u201cconsumo di suolo zero\u201d<br \/>\n&#8211; il blocco delle espansioni urbanistiche dei PRG comunali, in gran parte sovradimensionati<br \/>\n&#8211; la salvaguardia e la valorizzazione delle aree agricole con l\u2019esclusione di grandi impianti per la produzione di energia<br \/>\n&#8211; la tutela degli ecosistemi e della biodiversit\u00e0<br \/>\n&#8211; i piani intercomunali d\u2019area vasta<br \/>\n&#8211; l\u2019adeguamento del Piano Paesaggistico Regionale al nuovo Codice dei Beni Culturali con valenza prescrittiva su piani provinciali e comunali<br \/>\n&#8211; il facile accesso alle informazioni territoriali e ambientali in possesso delle amministrazioni<br \/>\n&#8211; l\u2019attribuzione di un ruolo determinante alla partecipazione democratica dei cittadini sulle decisioni significative relative ai propri territori, decisioni fino ad oggi troppo spesso appannaggio della speculazione edilizia e di una green economy malintesa (fotovoltaico nelle campagne, stoccaggio di gas, centrali a biomasse, rigassificatori, elettrodotto),\u00a0 a nostro parere \u00a0favorita dagli intrecci di interessi tra pochi privati e le aree grigie della politica e della burocrazia.<\/p>\n<h3><strong>Link di approfondimento:<\/strong><\/h3>\n<p>Questa \u00e8 la proposta di Paesaggio Marche<br \/>\n<a href=\"http:\/\/www.salviamoilpaesaggio.it\/blog\/wp-content\/uploads\/2013\/01\/01_consegna_regione_300420121.pdf\">NORME PER LA TUTELA DEL PAESAGGIO, LO SVILUPPO ECOCOMPATIBILE ED IL GOVERNO PARTECIPATO DEL TERRITORIO<\/a><a href=\"http:\/\/www.salviamoilpaesaggio.it\/blog\/wp-content\/uploads\/2013\/01\/01_consegna_regione_300420121.pdf\"> REGIONALE<\/a><a href=\"http:\/\/www.salviamoilpaesaggio.it\/blog\/wp-content\/uploads\/2013\/01\/01_consegna_regione_300420121.pdf\"><br \/>\n<\/a><br \/>\n<strong>Qui il link dove \u00e8 possibile visionare le modifiche alla Legge urbanistica regionale:<br \/>\n<a href=\"http:\/\/www.consiglio.marche.it\/banche_dati_e_documentazione\/leggirm\/leggi\/visualizza\/sto\/1699\">LEGGE REGIONALE 23 novembre 2011, n. 22<\/a><\/strong><\/p>\n<p>Un piccolo intervento comparso qualche tempo fa su Eddyburg al riguardo:<br \/>\n<a href=\"http:\/\/archivio.eddyburg.it\/article\/articleview\/18123\/0\/127\/\">Marche: luci e ombre della nuova legge sul territorio <\/a><\/p>\n<p>&nbsp;<\/p>\n","protected":false},"excerpt":{"rendered":"<p>L&#8217;iter delle modifiche riguardanti la legge sul governo del territorio della regione Marche avanza, a discapito di tutto \u00e8 un segnale molto positivo e che [&#8230;]<\/p>\n","protected":false},"author":113,"featured_media":7254,"comment_status":"open","ping_status":"open","sticky":false,"template":"","format":"standard","meta":{"footnotes":""},"categories":[126,45,43,16],"tags":[1039,1040,598,1041],"class_list":["post-7237","post","type-post","status-publish","format-standard","has-post-thumbnail","hentry","category-consumo-di-suolo-tematiche","category-esempi-virtuosi","category-leggi-e-piani-regolatori","category-marche","tag-legge-sul-governo-del-territorio","tag-perequazione-urbanistica","tag-regione-marche","tag-stop-al-consumo-di-suolo"],"_links":{"self":[{"href":"https:\/\/www.salviamoilpaesaggio.it\/blog\/wp-json\/wp\/v2\/posts\/7237","targetHints":{"allow":["GET"]}}],"collection":[{"href":"https:\/\/www.salviamoilpaesaggio.it\/blog\/wp-json\/wp\/v2\/posts"}],"about":[{"href":"https:\/\/www.salviamoilpaesaggio.it\/blog\/wp-json\/wp\/v2\/types\/post"}],"author":[{"embeddable":true,"href":"https:\/\/www.salviamoilpaesaggio.it\/blog\/wp-json\/wp\/v2\/users\/113"}],"replies":[{"embeddable":true,"href":"https:\/\/www.salviamoilpaesaggio.it\/blog\/wp-json\/wp\/v2\/comments?post=7237"}],"version-history":[{"count":0,"href":"https:\/\/www.salviamoilpaesaggio.it\/blog\/wp-json\/wp\/v2\/posts\/7237\/revisions"}],"wp:featuredmedia":[{"embeddable":true,"href":"https:\/\/www.salviamoilpaesaggio.it\/blog\/wp-json\/wp\/v2\/media\/7254"}],"wp:attachment":[{"href":"https:\/\/www.salviamoilpaesaggio.it\/blog\/wp-json\/wp\/v2\/media?parent=7237"}],"wp:term":[{"taxonomy":"category","embeddable":true,"href":"https:\/\/www.salviamoilpaesaggio.it\/blog\/wp-json\/wp\/v2\/categories?post=7237"},{"taxonomy":"post_tag","embeddable":true,"href":"https:\/\/www.salviamoilpaesaggio.it\/blog\/wp-json\/wp\/v2\/tags?post=7237"}],"curies":[{"name":"wp","href":"https:\/\/api.w.org\/{rel}","templated":true}]}}